{"id":491,"date":"2026-08-27T17:08:26","date_gmt":"2026-08-27T15:08:26","guid":{"rendered":"https:\/\/fenau.com\/?p=491"},"modified":"2026-08-27T17:08:26","modified_gmt":"2026-08-27T15:08:26","slug":"lfi-a-lu-marx-mais-nen-a-pas-saisi-toute-la-portee","status":"publish","type":"post","link":"https:\/\/fenau.com\/index.php\/2026\/08\/27\/lfi-a-lu-marx-mais-nen-a-pas-saisi-toute-la-portee\/","title":{"rendered":"LFI a lu Marx, mais n\u2019en a pas saisi toute la port\u00e9e."},"content":{"rendered":"\n<p class=\"wp-block-paragraph\">La France Insoumise s\u2019appuie sur l\u2019h\u00e9ritage marxiste pour forger une critique radicale du capitalisme, mobiliser des concepts percutants et diagnostiquer sans concession les in\u00e9galit\u00e9s structurelles. Pourtant, entre les analyses de Marx et les propositions concr\u00e8tes de M\u00e9lenchon ou Bompard, le d\u00e9calage est flagrant.<\/p>\n\n\n\n<h2 class=\"wp-block-heading\"><strong>L\u2019\u00c9tat : de l\u2019instrument de domination \u00e0 l&rsquo;objet de r\u00e9forme<\/strong><\/h2>\n\n\n\n<p class=\"wp-block-paragraph\">Marx ne se contentait pas de critiquer l\u2019\u00c9tat bourgeois. Il en d\u00e9montait les rouages, en r\u00e9v\u00e9lait la nature de classe, et en appelait \u00e0 la destruction. <em>\u00ab Le gouvernement moderne n\u2019est qu\u2019un comit\u00e9 qui g\u00e8re les affaires communes de la classe bourgeoise \u00bb<\/em>, \u00e9crivait-il dans le <em>Manifeste du Parti communiste<\/em>[1].<br>Pour lui, l\u2019\u00c9tat n\u2019\u00e9tait pas un outil neutre \u00e0 capturer ou \u00e0 r\u00e9former, mais une superstructure au service des rapports de production capitalistes.<\/p>\n\n\n\n<p class=\"wp-block-paragraph\">LFI reprend cette r\u00e9f\u00e9rence par pur calcul populiste vis-\u00e0-vis des \u00e9corch\u00e9s vifs.<br>Plut\u00f4t que de fantasmer une table rase, il faut r\u00e9former en profondeur les institutions existantes. La Ve R\u00e9publique a ses d\u00e9fauts, mais elle offre un cadre stable pour des avanc\u00e9es d\u00e9mocratiques : renforcer les contre-pouvoirs, garantir une meilleure repr\u00e9sentation des citoyens, et peut-\u00eatre \u00e9quilibrer les institutions pour \u00e9viter les blocages actuels.<\/p>\n\n\n\n<p class=\"wp-block-paragraph\">La Sixi\u00e8me R\u00e9publique ? Une fa\u00e7on habile d\u2019\u00e9viter d\u2019\u00e9voquer le retour \u00e0 la Quatri\u00e8me R\u00e9publique, dont le caract\u00e8re parlementaire offrait \u00e0 tout apparatchik un avenir dor\u00e9. Plut\u00f4t que de brandir des projets constitutionnels flous, il vaut mieux r\u00e9former ce qui existe : \u00e9quilibrer les pouvoirs du pr\u00e9sident et du Parlement.<\/p>\n\n\n\n<h2 class=\"wp-block-heading\"><strong>La r\u00e9volution : de la rupture violente \u00e0 la transition \u00e9lectorale<\/strong><\/h2>\n\n\n\n<p class=\"wp-block-paragraph\">Pour Marx, la r\u00e9volution n\u2019\u00e9tait pas un mot en l\u2019air. C\u2019\u00e9tait un processus historique in\u00e9luctable, une rupture violente avec l\u2019ordre \u00e9tabli. <em>\u00ab La violence est la sage-femme de toute vieille soci\u00e9t\u00e9 enceinte d\u2019une soci\u00e9t\u00e9 nouvelle \u00bb<\/em>, \u00e9crivait-il dans <em>Le Capital<\/em>[3].<\/p>\n\n\n\n<p class=\"wp-block-paragraph\">Le romantisme des r\u00e9volutions fait salle comble \u00e0 l\u2019extr\u00eame gauche. Pourtant, pour les mener, il faut un minimum d\u2019effectifs et une capacit\u00e9 \u00e0 convaincre. L\u2019impossibilit\u00e9 d\u2019agr\u00e9ger les Gilets jaunes pour l\u2019extr\u00eame gauche t\u00e9moigne de sa faible capacit\u00e9 \u00e0 f\u00e9d\u00e9rer au-del\u00e0 de son socle militant. Les grandes avanc\u00e9es sociales n\u2019ont pas \u00e9t\u00e9 obtenues par des barricades, mais par des luttes patientes, des alliances larges et des r\u00e9formes progressives.<\/p>\n\n\n\n<h2 class=\"wp-block-heading\"><strong>L\u2019\u00e9cologie : de l\u2019absence de th\u00e9orie \u00e0 la planification verte<\/strong><\/h2>\n\n\n\n<p class=\"wp-block-paragraph\">Marx n\u2019a pas \u00e9crit de trait\u00e9 d\u2019\u00e9cologie. Pourtant, il n\u2019\u00e9tait pas indiff\u00e9rent aux questions environnementales. Dans <em>Le Capital<\/em>, il d\u00e9nonce l\u2019\u00e9puisement des sols et des travailleurs par le capitalisme[1].<\/p>\n\n\n\n<p class=\"wp-block-paragraph\">L\u2019\u00e9cologie est le mouvement le plus disparate imaginable. On y croise tout et son contraire. Une planification \u00e9cologique, propos\u00e9e par LFI ne fera pas long feu : d\u00e8s qu\u2019une d\u00e9cision sera prise, une opposition se cr\u00e9era instantan\u00e9ment. Il faut une approche pragmatique et consensuelle. La transition \u00e9cologique doit \u00eatre r\u00e9aliste, sociale et n\u00e9goci\u00e9e : investissements massifs dans les \u00e9nergies renouvelables, accompagnement des travailleurs des secteurs polluants, et incitations plut\u00f4t que contraintes.<\/p>\n\n\n\n<p class=\"wp-block-paragraph\">LFI, elle, fait de l\u2019\u00e9cologie un pilier de son programme \u00e0 l&rsquo;image de ces b\u00e2timents monstrueux de l&rsquo;\u00e9poque sovi\u00e9tique. La planification \u00e9cologique est une image simpliste pour donner de l&rsquo;importance \u00e0 un mot sans en d\u00e9finir le moindre contour.<\/p>\n\n\n\n<h2 class=\"wp-block-heading\"><strong>Les alliances : de la lutte des classes au front populaire<\/strong><\/h2>\n\n\n\n<p class=\"wp-block-paragraph\">Marx \u00e9tait intransigeant sur la question des alliances. Pour lui, seule la classe ouvri\u00e8re pouvait renverser le capitalisme. <em>\u00ab La bourgeoisie produit avant tout ses propres fossoyeurs \u00bb<\/em>, \u00e9crivait-il dans le <em>Manifeste<\/em>[1].<\/p>\n\n\n\n<p class=\"wp-block-paragraph\">Les alliances, pour les politicards, et \u00e0 fortiori les LFIstes, ne sont que des combines \u00e9lectorales. Si on oppose les classes, LFI ne trouvera pas assez d\u2019ouvriers en son sein pour s\u2019opposer \u00e0 ses bataillons de bourgeois et d\u00e9g\u00e9n\u00e9r\u00e9s de bourgeois qui la composent. Il faut construire des majorit\u00e9s autour de projets concrets : \u00e9ducation, sant\u00e9, logement, environnement.<\/p>\n\n\n\n<p class=\"wp-block-paragraph\">LFI, elle, construit un front d\u2019opposition, et son organisation interne, de type sectaire, n\u2019est pas compatible avec un quelconque d\u00e9bat constructif.<\/p>\n\n\n\n<h2 class=\"wp-block-heading\"><strong>La propri\u00e9t\u00e9 : de l\u2019abolition \u00e0 la nationalisation<\/strong><\/h2>\n\n\n\n<p class=\"wp-block-paragraph\">Pour Marx, la propri\u00e9t\u00e9 priv\u00e9e des moyens de production \u00e9tait le c\u0153ur du probl\u00e8me. <em>\u00ab Les prol\u00e9taires n\u2019ont rien \u00e0 perdre que leurs cha\u00eenes. Ils ont un monde \u00e0 gagner \u00bb<\/em>, clamait le <em>Manifeste<\/em>[1].<\/p>\n\n\n\n<p class=\"wp-block-paragraph\">En termes de propri\u00e9t\u00e9 et de nationalisation, le fait pour LFI d\u2019\u00eatre dirig\u00e9e par un millionnaire annule toute cr\u00e9dibilit\u00e9. Il faut d\u00e9fendre une \u00e9conomie mixte et r\u00e9gul\u00e9e : un secteur public fort dans les services essentiels (\u00e9nergie, transports, sant\u00e9), mais une reconnaissance du r\u00f4le des entreprises priv\u00e9es dans l\u2019innovation et l\u2019emploi. Les nationalisations ne sont pas une fin en soi, mais un outil au service de l\u2019int\u00e9r\u00eat g\u00e9n\u00e9ral.<\/p>\n\n\n\n<h2 class=\"wp-block-heading\"><strong>L\u2019internationalisme : de la solidarit\u00e9 prol\u00e9tarienne au souverainisme<\/strong><\/h2>\n\n\n\n<p class=\"wp-block-paragraph\">Marx \u00e9tait un internationaliste convaincu. <em>\u00ab Prol\u00e9taires de tous les pays, unissez-vous ! \u00bb<\/em> n\u2019\u00e9tait pas un slogan creux[1].<\/p>\n\n\n\n<p class=\"wp-block-paragraph\">LFI fait un calcul de petit boutiquier \u00e0 propos de l\u2019Europe. Avec moins de 15 % de la population en France consciente de leur repr\u00e9sentation au niveau de l\u2019Europe, elle pr\u00e9f\u00e8re intervenir dans l\u2019entit\u00e9 la plus petite possible. Il faut au contraire assumer pleinement l\u2019Europe comme cadre d\u2019action. Non pas une Europe lib\u00e9rale et technocratique, mais une Europe sociale, \u00e9cologique et d\u00e9mocratique, o\u00f9 les \u00c9tats collaborent pour peser face aux g\u00e9ants du num\u00e9rique, aux paradis fiscaux, et aux d\u00e9fis climatiques.<\/p>\n\n\n\n<h2 class=\"wp-block-heading\"><strong>La violence : de l\u2019accoucheuse de l\u2019histoire \u00e0 l\u2019\u00e9lectoralisme pacifique<\/strong><\/h2>\n\n\n\n<p class=\"wp-block-paragraph\">Marx ne glorifiait pas la violence. Mais il la consid\u00e9rait comme in\u00e9vitable. <em>\u00ab La violence est la sage-femme de toute vieille soci\u00e9t\u00e9 enceinte d\u2019une soci\u00e9t\u00e9 nouvelle \u00bb<\/em>, \u00e9crivait-il[3].<\/p>\n\n\n\n<p class=\"wp-block-paragraph\">LFI f\u00e9d\u00e8re plus contre elle que pour elle. Elle n\u2019a vraiment aucune chance. Sa seule utilit\u00e9 est de servir de marchepied au RN. Il faut miser sur la mod\u00e9ration, le dialogue et l\u2019efficacit\u00e9. Les exc\u00e8s verbaux, les postures radicales, et les divisions st\u00e9riles ne font que affaiblir la gauche et ouvrir la voie \u00e0 l\u2019extr\u00eame droite.<\/p>\n\n\n\n<h2 class=\"wp-block-heading\"><strong>LFI, un marxisme de salon ?<\/strong><\/h2>\n\n\n\n<p class=\"wp-block-paragraph\">LFI emprunte \u00e0 Marx sa critique du capitalisme, son vocabulaire de rupture, et son ambition de transformation sociale. Mais elle \u00e9dulcore ses conclusions les plus radicales. L\u00e0 o\u00f9 Marx voyait la n\u00e9cessit\u00e9 d\u2019une r\u00e9volution violente, LFI mise sur les \u00e9lections. L\u00e0 o\u00f9 Marx exigeait l\u2019abolition de l\u2019\u00c9tat bourgeois, LFI propose de le r\u00e9former. L\u00e0 o\u00f9 Marx pr\u00f4nait l\u2019internationalisme prol\u00e9tarien, LFI d\u00e9fend un souverainisme \u00e9conomique.<\/p>\n\n\n\n<p class=\"wp-block-paragraph\">Pourquoi ces \u00e9carts ? Parce que LFI est un parti politique qui doit s\u00e9duire un \u00e9lectorat large. Marx, lui, \u00e9crivait pour un mouvement r\u00e9volutionnaire.<\/p>\n","protected":false},"excerpt":{"rendered":"<p>La France Insoumise s\u2019appuie sur l\u2019h\u00e9ritage marxiste pour forger une critique radicale du capitalisme, mobiliser des concepts percutants et diagnostiquer sans concession les in\u00e9galit\u00e9s structurelles. Pourtant, entre les analyses de Marx et les propositions concr\u00e8tes de M\u00e9lenchon ou Bompard, le d\u00e9calage est flagrant. L\u2019\u00c9tat : de l\u2019instrument de domination \u00e0 l&rsquo;objet de r\u00e9forme Marx ne &hellip; <\/p>\n<p class=\"link-more\"><a href=\"https:\/\/fenau.com\/index.php\/2026\/08\/27\/lfi-a-lu-marx-mais-nen-a-pas-saisi-toute-la-portee\/\" class=\"more-link\">Continuer la lecture<span class=\"screen-reader-text\"> de &laquo;&nbsp;LFI a lu Marx, mais n\u2019en a pas saisi toute la port\u00e9e.&nbsp;&raquo;<\/span><\/a><\/p>\n","protected":false},"author":1,"featured_media":0,"comment_status":"closed","ping_status":"closed","sticky":false,"template":"","format":"standard","meta":{"footnotes":""},"categories":[1],"tags":[],"class_list":["post-491","post","type-post","status-publish","format-standard","hentry","category-non-classe"],"_links":{"self":[{"href":"https:\/\/fenau.com\/index.php\/wp-json\/wp\/v2\/posts\/491","targetHints":{"allow":["GET"]}}],"collection":[{"href":"https:\/\/fenau.com\/index.php\/wp-json\/wp\/v2\/posts"}],"about":[{"href":"https:\/\/fenau.com\/index.php\/wp-json\/wp\/v2\/types\/post"}],"author":[{"embeddable":true,"href":"https:\/\/fenau.com\/index.php\/wp-json\/wp\/v2\/users\/1"}],"replies":[{"embeddable":true,"href":"https:\/\/fenau.com\/index.php\/wp-json\/wp\/v2\/comments?post=491"}],"version-history":[{"count":3,"href":"https:\/\/fenau.com\/index.php\/wp-json\/wp\/v2\/posts\/491\/revisions"}],"predecessor-version":[{"id":494,"href":"https:\/\/fenau.com\/index.php\/wp-json\/wp\/v2\/posts\/491\/revisions\/494"}],"wp:attachment":[{"href":"https:\/\/fenau.com\/index.php\/wp-json\/wp\/v2\/media?parent=491"}],"wp:term":[{"taxonomy":"category","embeddable":true,"href":"https:\/\/fenau.com\/index.php\/wp-json\/wp\/v2\/categories?post=491"},{"taxonomy":"post_tag","embeddable":true,"href":"https:\/\/fenau.com\/index.php\/wp-json\/wp\/v2\/tags?post=491"}],"curies":[{"name":"wp","href":"https:\/\/api.w.org\/{rel}","templated":true}]}}